{"id":2969,"date":"2022-11-03T14:50:32","date_gmt":"2022-11-03T13:50:32","guid":{"rendered":"https:\/\/marka.belin.pl\/?p=2969"},"modified":"2022-11-03T14:50:32","modified_gmt":"2022-11-03T13:50:32","slug":"targi-sial-paris-2022","status":"publish","type":"post","link":"https:\/\/marka.belin.pl\/?p=2969","title":{"rendered":"Targi SIAL Paris 2022"},"content":{"rendered":"<p>W dniach 15-19 pa\u017adziernika 2022 r. w Pary\u017cu, podczas mi\u0119dzynarodowych targ\u00f3w spo\u017cywczych SIAL 2022, firma Belin Poland Sp. z o.o. mia\u0142a okazj\u0119 zaprezentowa\u0107 sw\u00f3j liczny asortyment na stoisku regionalnym Wojew\u00f3dztwa Wielkopolskiego.<br \/>\n<!--more--><\/p>\n<p>SIAL to platforma biznesowa kt\u00f3ra po\u0142\u0105czy\u0142a w tym roku pod jednym dachem producent\u00f3w \u017cywno\u015bci, dystrybutor\u00f3w, importer\u00f3w, hurtownik\u00f3w i detalist\u00f3w, a tak\u017ce przedstawicieli gastronomii instytucjonalnej i handlowej z ca\u0142ego \u015bwiata. W targach uczestniczy\u0142o ponad 7200 wystawc\u00f3w z 119 kraj\u00f3w, w tym blisko 250 wystawc\u00f3w z Polski, kt\u00f3rzy zaprezentowali przegl\u0105d bran\u017cy poprzez swoje produkty, innowacje, technologie. Przemys\u0142 spo\u017cywczy do\u015bwiadczy\u0142 du\u017cych zmian podczas pandemii, znaczenia nabra\u0142y kwestie zr\u00f3wnowa\u017conego rozwoju w odniesieniu do aspekt\u00f3w \u015brodowiskowych, ekonomicznych i spo\u0142ecznych. Program targ\u00f3w by\u0142 bardzo bogaty i zr\u00f3\u017cnicowany, podczas pi\u0119ciu dni odby\u0142y si\u0119 liczne sesje rozm\u00f3w B2B, wystawy, kulinarne pokazy na \u017cywo. Dzi\u0119ki udzia\u0142owi w targach, firma Belin mog\u0142a pozyska\u0107 i zdywersyfikowa\u0107 kontakty w bran\u017cy, zwi\u0119kszy\u0107 sw\u00f3j mi\u0119dzynarodowy zasi\u0119g, zaprezentowa\u0107 potencja\u0142 rynkowy, wzmocni\u0107 istniej\u0105ce partnerstwa biznesowe, zdoby\u0107 now\u0105 wiedz\u0119 i kolejne cenne do\u015bwiadczenia.<br \/>\nOrganizatorem polskiego Stoiska Narodowego by\u0142 Urz\u0105d Marsza\u0142kowski wojew\u00f3dztwa wielkopolskiego, realizuj\u0105cy program w ramach projektu \u201eGospodarna Wielkopolska\u201d wsp\u00f3\u0142finansowanego ze \u015brodk\u00f3w Wielkopolskiego Regionalnego Programu Operacyjnego na lata 2014-2020 <a href=\"https:\/\/markaw.pl\/pl_PL\/wielkopolska-na-targach-sial-paris-2022\">).<\/a><\/p>\n<p><img decoding=\"async\" src=\"https:\/\/marka.belin.pl\/wp-content\/uploads\/2021\/11\/EFRR_Samorzad_kolor-PL-scaled.jpg\" alt=\"EU\" \/><br \/>\n<small>Udzia\u0142 targach SIAL Paris 2022 w ramach projektu pozakonkursowego \u201eGospodarna Wielkopolska\u201d wsp\u00f3\u0142finansowanego ze \u015brodk\u00f3w Wielkopolskiego Regionalnego Programu Operacyjnego na lata 2014-2020, Dzia\u0142anie 1.4: Internacjonalizacja gospodarki regionalnej, Poddzia\u0142anie 1.4.2: Promocja gospodarcza regionu.<\/small><\/p>\n","protected":false},"excerpt":{"rendered":"<p>W dniach 15-19 pa\u017adziernika 2022 r. w Pary\u017cu, podczas mi\u0119dzynarodowych targ\u00f3w spo\u017cywczych SIAL 2022, firma Belin Poland Sp. z o.o. mia\u0142a okazj\u0119 zaprezentowa\u0107 sw\u00f3j liczny asortyment na stoisku regionalnym Wojew\u00f3dztwa Wielkopolskiego.<\/p>\n","protected":false},"author":7,"featured_media":2970,"comment_status":"open","ping_status":"open","sticky":false,"template":"","format":"standard","meta":{"_acf_changed":false,"footnotes":""},"categories":[21],"tags":[],"class_list":["post-2969","post","type-post","status-publish","format-standard","has-post-thumbnail","hentry","category-aktualnosci"],"acf":[],"_links":{"self":[{"href":"https:\/\/marka.belin.pl\/index.php?rest_route=\/wp\/v2\/posts\/2969","targetHints":{"allow":["GET"]}}],"collection":[{"href":"https:\/\/marka.belin.pl\/index.php?rest_route=\/wp\/v2\/posts"}],"about":[{"href":"https:\/\/marka.belin.pl\/index.php?rest_route=\/wp\/v2\/types\/post"}],"author":[{"embeddable":true,"href":"https:\/\/marka.belin.pl\/index.php?rest_route=\/wp\/v2\/users\/7"}],"replies":[{"embeddable":true,"href":"https:\/\/marka.belin.pl\/index.php?rest_route=%2Fwp%2Fv2%2Fcomments&post=2969"}],"version-history":[{"count":1,"href":"https:\/\/marka.belin.pl\/index.php?rest_route=\/wp\/v2\/posts\/2969\/revisions"}],"predecessor-version":[{"id":2972,"href":"https:\/\/marka.belin.pl\/index.php?rest_route=\/wp\/v2\/posts\/2969\/revisions\/2972"}],"wp:featuredmedia":[{"embeddable":true,"href":"https:\/\/marka.belin.pl\/index.php?rest_route=\/wp\/v2\/media\/2970"}],"wp:attachment":[{"href":"https:\/\/marka.belin.pl\/index.php?rest_route=%2Fwp%2Fv2%2Fmedia&parent=2969"}],"wp:term":[{"taxonomy":"category","embeddable":true,"href":"https:\/\/marka.belin.pl\/index.php?rest_route=%2Fwp%2Fv2%2Fcategories&post=2969"},{"taxonomy":"post_tag","embeddable":true,"href":"https:\/\/marka.belin.pl\/index.php?rest_route=%2Fwp%2Fv2%2Ftags&post=2969"}],"curies":[{"name":"wp","href":"https:\/\/api.w.org\/{rel}","templated":true}]}}